{"id":10281,"date":"2021-06-02T19:57:22","date_gmt":"2021-06-02T17:57:22","guid":{"rendered":"https:\/\/filplast.pl\/proc-se-okna-mlzi-zpusoby-jak-si-poradit-se-zamlzenymi-okny\/"},"modified":"2021-06-02T19:57:23","modified_gmt":"2021-06-02T17:57:23","slug":"proc-se-okna-mlzi-zpusoby-jak-si-poradit-se-zamlzenymi-okny","status":"publish","type":"post","link":"https:\/\/filplast.pl\/cz\/proc-se-okna-mlzi-zpusoby-jak-si-poradit-se-zamlzenymi-okny\/","title":{"rendered":"Pro\u010d se okna ml\u017e\u00ed? Zp\u016fsoby, jak si poradit se zaml\u017een\u00fdmi okny!"},"content":{"rendered":"<div id=\"modal-ready\">\n<p class=\"has-medium-font-size\"><strong>V zim\u011b velmi \u010dasto doch\u00e1z\u00ed k ml\u017een\u00ed oken a nen\u00ed to jen estetick\u00fd probl\u00e9m. Mezi hlavn\u00ed d\u016fvody tohoto jevu pat\u0159\u00ed mimo jin\u00e9 p\u0159\u00edli\u0161 t\u011bsn\u00e9 zpracov\u00e1n\u00ed oken a nedostate\u010dn\u00e9 v\u011btr\u00e1n\u00ed. Co tedy tento jev ukazuje a jak jej m\u016f\u017eeme odstranit? Je nutn\u00e9 vym\u011bnit okna? V jak\u00e9m p\u0159\u00edpad\u011b bude p\u00e1ra na oknech p\u0159irozen\u00fdm jevem a kdy to bude znamenat vadu konstrukce?<\/strong><\/p>\n\n<div style=\"height:30px\" aria-hidden=\"true\" class=\"wp-block-spacer\"><\/div>\n\n<h2 class=\"wp-block-heading\"><strong>Pro\u010d se okna ml\u017e\u00ed?<\/strong><\/h2>\n\n<div style=\"height:31px\" aria-hidden=\"true\" class=\"wp-block-spacer\"><\/div>\n\n<figure class=\"wp-block-image size-large is-style-rounded\"><img loading=\"lazy\" decoding=\"async\" width=\"1024\" height=\"478\" src=\"https:\/\/filplast.pl\/wp-content\/uploads\/2020\/11\/okna-pvc-z-nakladka-aluminiowa-1024x478.jpg\" alt=\"\" class=\"wp-image-58\" srcset=\"https:\/\/filplast.pl\/wp-content\/uploads\/2020\/11\/okna-pvc-z-nakladka-aluminiowa-1024x478.jpg 1024w, https:\/\/filplast.pl\/wp-content\/uploads\/2020\/11\/okna-pvc-z-nakladka-aluminiowa-300x140.jpg 300w, https:\/\/filplast.pl\/wp-content\/uploads\/2020\/11\/okna-pvc-z-nakladka-aluminiowa-768x358.jpg 768w, https:\/\/filplast.pl\/wp-content\/uploads\/2020\/11\/okna-pvc-z-nakladka-aluminiowa.jpg 1500w\" sizes=\"auto, (max-width: 1024px) 100vw, 1024px\" \/><\/figure>\n<p class=\"has-normal-font-size\">Tento jev m\u016f\u017ee m\u00edt <strong>mnoho d\u016fvod\u016f<\/strong>. V z\u00e1sad\u011b se v\u0161ak jedn\u00e1 o jev souvisej\u00edc\u00ed s <strong>rozd\u00edlem teplot<\/strong>, kter\u00e9 jsou na vn\u011bj\u0161\u00ed a vnit\u0159n\u00ed stran\u011b okna. Ml\u017een\u00ed m\u016f\u017ee b\u00fdt tak\u00e9 v\u00fdsledkem <strong>nevhodn\u00e9 vlhkosti<\/strong> v m\u00edstnosti. Vodn\u00ed p\u00e1ra na oknech se velmi \u010dasto objevuje v m\u00edstnostech se zv\u00fd\u0161enou vlhkost\u00ed, jako jsou koupelny nebo kuchyn\u011b. Ml\u017e\u00ed se tak\u00e9 p\u0159\u00edli\u0161 t\u011bsn\u00e1 okna, kter\u00e1 br\u00e1n\u00ed v\u00fdm\u011bn\u011b vzduchu. Tento jev bude je\u0161t\u011b umocn\u011bn <strong>nedostate\u010dn\u00fdm v\u011btr\u00e1n\u00edm.<\/strong> \u010cinnosti, jako je va\u0159en\u00ed nebo sprchov\u00e1n\u00ed, m\u00edrn\u011b zvy\u0161uj\u00ed \u00farove\u0148 vlhkosti, co\u017e zp\u016fsobuje, \u017ee se na oknech objev\u00ed kapky. Je v\u0161ak t\u0159eba si uv\u011bdomit, \u017ee za p\u0159irozen\u00fdch podm\u00ednek by okno m\u011blo po n\u011bjak\u00e9 dob\u011b vypadat jako obvykle. Pokud se v\u0161ak na skle objev\u00ed zkondenzovan\u00e1 voda, i kdy\u017e pro to neexistuje \u017e\u00e1dn\u00fd d\u016fvod, je t\u0159eba zv\u00e1\u017eit dal\u0161\u00ed mo\u017enosti.<\/p>\n\n<h2 class=\"wp-block-heading\"><strong>Druhy ml\u017een\u00ed na oknech<\/strong><\/h2>\n\n<div class=\"wp-block-columns is-layout-flex wp-container-core-columns-is-layout-1 wp-block-columns-is-layout-flex\">\n<div class=\"wp-block-column is-layout-flow wp-block-column-is-layout-flow\">\n<h3 class=\"wp-block-heading\"><strong>Ml\u017een\u00ed skel zvenku<\/strong><\/h3>\n\n\n\n<p>Kondenzace vody je <strong>jev, kter\u00fd se nej\u010dast\u011bji objevuje na vn\u011bj\u0161\u00ed stran\u011b skla.<\/strong> To znamen\u00e1 <strong>extr\u00e9mn\u00ed tepelnou izolaci zasklen\u00ed.<\/strong>Ml\u017een\u00ed oken zvenku znamen\u00e1, \u017ee se ven dostane pouze mal\u00e9 mno\u017estv\u00ed tepla, kter\u00e9 je uvnit\u0159 budovy. Vlhkost ve form\u011b vodn\u00ed p\u00e1ry kondenzuje na vn\u011bj\u0161\u00ed stran\u011b skla, kdy\u017e je studen\u00e9. Zaml\u017een\u00e1 okna zvenku jsou obvykl\u00e1 v m\u00edstech <strong>s vysokou vlhkost\u00ed vzduchu.<\/strong> \u010casto se jedn\u00e1 o pob\u0159e\u017en\u00ed oblasti nebo oblasti v bl\u00edzkosti velk\u00fdch vodn\u00edch n\u00e1dr\u017e\u00ed, kde se vzduch m\u016f\u017ee oh\u0159\u00edvat mnohem rychleji ne\u017e okenn\u00ed tabule. Usazov\u00e1n\u00ed zkondenzovan\u00e9 vody na vn\u011bj\u0161\u00ed stran\u011b oken podporuje tak\u00e9 velk\u00fd voln\u00fd prostor kolem budovy.<\/p>\n<\/div>\n\n\n\n<div class=\"wp-block-column is-layout-flow wp-block-column-is-layout-flow\">\n<h3 class=\"wp-block-heading\"><strong>Ml\u017een\u00ed skel zevnit\u0159<\/strong><\/h3>\n\n\n\n<p>Jev vodn\u00ed p\u00e1ry na vnit\u0159n\u00ed stran\u011b okna obvykle nen\u00ed pozorov\u00e1n na modern\u00edch oknech, ale sp\u00ed\u0161e <strong>na oknech star\u0161\u00edho typu.<\/strong> Tak\u00e9 v tomto p\u0159\u00edpad\u011b zkondenzovan\u00e1 voda na skle nesignalizuje z\u00e1vadu<strong> a vysokou t\u011bsnost<\/strong> D\u016fvody tohoto jevu spo\u010d\u00edvaj\u00ed <strong>v nedostate\u010dn\u00e9m v\u011btr\u00e1n\u00ed m\u00edstnosti,<\/strong> co\u017e zp\u016fsobuje, \u017ee se voda usazuje na oknech a vodn\u00ed p\u00e1ra nem\u016f\u017ee uniknout. Vzduch s vysokou vlhkost\u00ed, kter\u00fd vznik\u00e1 v d\u016fsledku pran\u00ed, va\u0159en\u00ed nebo jin\u00fdch podobn\u00fdch \u010dinnost\u00ed, se nedok\u00e1\u017ee dostat ven z m\u00edstnosti, a proto se hromad\u00ed na sklen\u011bn\u00e9 plo\u0161e zevnit\u0159, proto\u017ee je nejchladn\u011bj\u0161\u00edm m\u00edstem. Aby se tomuto probl\u00e9mu p\u0159ede\u0161lo, stoj\u00ed za to nainstalovat speci\u00e1ln\u00ed <strong>difuzory<\/strong>, kter\u00e9 pom\u00e1haj\u00ed zbavit se nadm\u011brn\u00e9 vlhkosti v m\u00edstnosti. Budou v\u0161ak spr\u00e1vn\u011b fungovat pouze, pokud bude funk\u010dn\u00ed zbytek ventila\u010dn\u00edho syst\u00e9mu v budov\u011b. Je t\u0159eba si uv\u011bdomit, \u017ee ml\u017een\u00ed sklen\u011bn\u00fdch tabul\u00ed je tak\u00e9 podporov\u00e1no d\u00fdchac\u00edmi <strong>procesy u \u010derstv\u011b nat\u0159en\u00fdch st\u011bn a strop\u016f<\/strong>. \u010casto je to d\u016fsledek \u0161patn\u011b izolovan\u00fdch st\u011bn proti vlhkosti.<\/p>\n<\/div>\n\n\n\n<div class=\"wp-block-column is-layout-flow wp-block-column-is-layout-flow\">\n<h3 class=\"wp-block-heading\"><strong>Ml\u017een\u00ed oken uvnit\u0159 mezi skly<\/strong><\/h3>\n\n\n\n<p>Okna s <strong>trojit\u00fdm nebo dvojit\u00fdm zasklen\u00edm<\/strong> se mohou ml\u017eit uvnit\u0159 mezi skly. To je velmi nep\u0159\u00edjemn\u00e9, proto\u017ee p\u00e1ru nelze <strong>\u017e\u00e1dn\u00fdm zp\u016fsobem odstranit.<\/strong> Ale co znamen\u00e1 vodn\u00ed p\u00e1ra mezi skly? To znamen\u00e1, \u017ee konstrukce okna byla v ur\u010dit\u00e9m m\u00edst\u011b <strong>poru\u0161ena nebo po\u0161kozena.<\/strong> To je u opot\u0159ebovan\u00fdch oken p\u0159irozen\u00e9. V tomto p\u0159\u00edpad\u011b se do prostoru mezi skly, kter\u00fd obvykle obsahuje plyn, dostala vodn\u00ed p\u00e1ra, kter\u00e9 na sklech zkondenzovala. Oprava oken se m\u016f\u017ee uk\u00e1zat jako nerentabiln\u00ed. Je t\u0159eba je vym\u011bnit, proto\u017ee to znamen\u00e1, \u017ee <strong>okna ztratila sv\u00e9 tepeln\u011b izola\u010dn\u00ed schopnosti<\/strong>. P\u00e1ra usazen\u00e1 na skle zanech\u00e1v\u00e1 skvrny, kter\u00e9 nelze vy\u010distit, tak\u017ee okna po n\u011bjak\u00e9 dob\u011b vypadaj\u00ed velmi nevzhledn\u011b.<\/p>\n<\/div>\n<\/div>\n\n<h2 class=\"wp-block-heading\"><strong>Zp\u016fsoby, jak si poradit se zaml\u017een\u00fdmi okny<\/strong><\/h2>\n\n<div style=\"height:30px\" aria-hidden=\"true\" class=\"wp-block-spacer\"><\/div>\n\n<blockquote class=\"wp-block-quote is-layout-flow wp-block-quote-is-layout-flow\"><p>Krom\u011b<strong>pravideln\u00e9ho v\u011btr\u00e1n\u00ed m\u00edstnost\u00ed<\/strong> existuje n\u011bkolik dal\u0161\u00edch zp\u016fsob\u016f, jak se zbavit vodn\u00ed p\u00e1ry. Prvn\u00edm z nich je<strong>instalace klimatizace nebo ventilace<\/strong> v m\u00edstnostech se zv\u00fd\u0161enou vlhkost\u00ed vzduchu. Ji\u017e v\u00edme, \u017ee odpa\u0159ov\u00e1n\u00ed uvnit\u0159 i vn\u011b okna je p\u0159irozen\u00e9, a d\u016fvodem k obav\u00e1m jsou okna, kde se hromad\u00ed vodn\u00ed p\u00e1ra mezi skly.<\/p><\/blockquote>\n\n<div class=\"wp-block-media-text alignwide is-stacked-on-mobile is-image-fill\"><figure class=\"wp-block-media-text__media\" style=\"background-image:url(https:\/\/filplast.pl\/wp-content\/uploads\/2021\/02\/okna-1024x474.jpg);background-position:50% 50%\"><img loading=\"lazy\" decoding=\"async\" width=\"1024\" height=\"474\" src=\"https:\/\/filplast.pl\/wp-content\/uploads\/2021\/02\/okna-1024x474.jpg\" alt=\"okna filplast\" class=\"wp-image-1063\" srcset=\"https:\/\/filplast.pl\/wp-content\/uploads\/2021\/02\/okna-1024x474.jpg 1024w, https:\/\/filplast.pl\/wp-content\/uploads\/2021\/02\/okna-300x139.jpg 300w, https:\/\/filplast.pl\/wp-content\/uploads\/2021\/02\/okna-768x356.jpg 768w, https:\/\/filplast.pl\/wp-content\/uploads\/2021\/02\/okna.jpg 1080w\" sizes=\"auto, (max-width: 1024px) 100vw, 1024px\" \/><\/figure><div class=\"wp-block-media-text__content\">\n<h3 class=\"wp-block-heading\"><strong>Okna s difuzory<\/strong><\/h3>\n\n\n\n<p>P\u0159i n\u00e1kupu nov\u00fdch oken p\u0159i stavb\u011b domu nebo p\u0159i v\u00fdm\u011bn\u011b star\u00fdch oken rovn\u011b\u017e stoj\u00ed za zv\u00e1\u017een\u00ed promyslet si n\u00e1kup speci\u00e1ln\u00edch difuzor\u016f. Tyto typy za\u0159\u00edzen\u00ed jsou namontov\u00e1ny ve st\u011bn\u00e1ch nebo na oknech. V z\u00e1sad\u011b existuj\u00ed t\u0159i typy difuzor\u016f, ke kter\u00fdm pat\u0159\u00ed:<\/p>\n\n\n\n<ul class=\"wp-block-list\"><li><strong>Difuzory \u0159\u00edzen\u00e9 vlhkost\u00ed vzduchu \u2013<\/strong> Funguj\u00ed automaticky. Speci\u00e1ln\u00ed polyamidov\u00e1 p\u00e1ska je senzor, kter\u00fd aktivuje syst\u00e9m, kdy\u017e detekuje zm\u011bny \u00farovn\u011b vlhkosti v m\u00edstnosti. Lze \u0159\u00edci, \u017ee m\u00edstnost je automaticky v\u011btr\u00e1na a nevy\u017eaduje manu\u00e1ln\u00ed obsluhu.<\/li><li><strong>Tlakov\u00e9 difuzory \u2013<\/strong>n\u011bkdy tak\u00e9 naz\u00fdvan\u00e9 samoregula\u010dn\u00ed difuzory. Jejich \u00fakolem je regulace rozd\u00edl\u016f tlak\u016f uvnit\u0159 a zvenku m\u00edstnost\u00ed. \u010c\u00edm je jejich rozd\u00edl v\u011bt\u0161\u00ed, t\u00edm bude v\u011bt\u0161\u00ed proud vzduchu.<\/li><li><strong>Manu\u00e1ln\u011b ovl\u00e1dan\u00e9 difuzory \u2013<\/strong>U tohoto typu difuzoru si nastavuje \u010das i v\u00fdkon u\u017eivatel. V m\u00edstnostech s vysokou vlhkost\u00ed vzduchu nen\u00ed ale p\u0159\u00edli\u0161 efektivn\u00ed.<\/li><\/ul>\n\n\n<p class=\"has-large-font-size\"><\/p>\n<\/div><\/div>\n\n<div class=\"wp-block-media-text alignwide has-media-on-the-right is-stacked-on-mobile is-image-fill\"><figure class=\"wp-block-media-text__media\" style=\"background-image:url(https:\/\/filplast.pl\/wp-content\/uploads\/2021\/01\/hst-slide-1024x683.jpg);background-position:50% 50%\"><img loading=\"lazy\" decoding=\"async\" width=\"1024\" height=\"683\" src=\"https:\/\/filplast.pl\/wp-content\/uploads\/2021\/01\/hst-slide-1024x683.jpg\" alt=\"hst filplast\" class=\"wp-image-996\" srcset=\"https:\/\/filplast.pl\/wp-content\/uploads\/2021\/01\/hst-slide-1024x683.jpg 1024w, https:\/\/filplast.pl\/wp-content\/uploads\/2021\/01\/hst-slide-300x200.jpg 300w, https:\/\/filplast.pl\/wp-content\/uploads\/2021\/01\/hst-slide-768x512.jpg 768w, https:\/\/filplast.pl\/wp-content\/uploads\/2021\/01\/hst-slide.jpg 1200w\" sizes=\"auto, (max-width: 1024px) 100vw, 1024px\" \/><\/figure><div class=\"wp-block-media-text__content\">\n<h3 class=\"wp-block-heading\"><strong>Instalace radi\u00e1tor\u016f pod okna<\/strong><\/h3>\n\n\n\n<p>Pro\u010d se radi\u00e1tory nej\u010dast\u011bji instaluj\u00ed pod okna? Proto\u017ee poskytuj\u00ed tolik tepla, \u017ee jsou schopny skla <strong>zah\u0159\u00e1t a vysu\u0161it.<\/strong> V mnoha p\u0159\u00edpadech v\u0161ak kondenzaci \u00fapln\u011b neeliminuj\u00ed. Tak\u00e9 je d\u016fle\u017eit\u00e9 neodkl\u00e1dat na radi\u00e1tory <strong>mokr\u00e9 ru\u010dn\u00edky<\/strong>, proto\u017ee by to mohlo v\u00e9st ke zcela opa\u010dn\u00e9mu jevu! Jedn\u00e1 se o efektivn\u00ed zp\u016fsob boje s nadm\u011brnou vlhkost\u00ed vzduchu, zejm\u00e9na v podkrov\u00edch, kde jsou um\u00edst\u011bny sv\u011btl\u00edky, proto\u017ee teplo se okam\u017eit\u011b dostane ke sklu.<\/p>\n\n\n\n<p class=\"has-large-font-size\"><\/p>\n<\/div><\/div>\n\n<div class=\"wp-block-media-text alignwide is-stacked-on-mobile is-image-fill\"><figure class=\"wp-block-media-text__media\" style=\"background-image:url(https:\/\/filplast.pl\/wp-content\/uploads\/2021\/02\/shutterstock_277683845-1-1024x681.jpg);background-position:50% 50%\"><img loading=\"lazy\" decoding=\"async\" width=\"1024\" height=\"681\" src=\"https:\/\/filplast.pl\/wp-content\/uploads\/2021\/02\/shutterstock_277683845-1-1024x681.jpg\" alt=\"\" class=\"wp-image-10285\" srcset=\"https:\/\/filplast.pl\/wp-content\/uploads\/2021\/02\/shutterstock_277683845-1-1024x681.jpg 1024w, https:\/\/filplast.pl\/wp-content\/uploads\/2021\/02\/shutterstock_277683845-1-300x200.jpg 300w, https:\/\/filplast.pl\/wp-content\/uploads\/2021\/02\/shutterstock_277683845-1-768x511.jpg 768w, https:\/\/filplast.pl\/wp-content\/uploads\/2021\/02\/shutterstock_277683845-1-2048x1363.jpg 2048w\" sizes=\"auto, (max-width: 1024px) 100vw, 1024px\" \/><\/figure><div class=\"wp-block-media-text__content\">\n<h3 class=\"wp-block-heading\"><strong>\u017daluzie a rolety<\/strong><\/h3>\n\n\n\n<p>V n\u011bkter\u00fdch p\u0159\u00edpadech mohou zabr\u00e1nit ml\u017een\u00ed r\u016fzn\u00e9 druhy \u017ealuzi\u00ed a rolet. <strong>Zvy\u0161uj\u00ed izola\u010dn\u00ed vlastnosti<\/strong> okna, tak\u017ee se vodn\u00ed p\u00e1ra neobjevuje tak \u010dasto jako bez jejich instalace.<\/p>\n\n\n\n<p class=\"has-large-font-size\"><\/p>\n<\/div><\/div>\n\n<div style=\"height:30px\" aria-hidden=\"true\" class=\"wp-block-spacer\"><\/div>\n\n<h3 class=\"wp-block-heading\"><strong>N\u00e1kup vhodn\u00fdch oken<\/strong><\/h3>\n\n<div style=\"height:30px\" aria-hidden=\"true\" class=\"wp-block-spacer\"><\/div>\n\n<figure class=\"wp-block-image size-large is-style-rounded\"><img loading=\"lazy\" decoding=\"async\" width=\"1024\" height=\"683\" src=\"https:\/\/filplast.pl\/wp-content\/uploads\/2021\/02\/shutterstock_1807547443-1024x683.jpg\" alt=\"\" class=\"wp-image-10283\" srcset=\"https:\/\/filplast.pl\/wp-content\/uploads\/2021\/02\/shutterstock_1807547443-1024x683.jpg 1024w, https:\/\/filplast.pl\/wp-content\/uploads\/2021\/02\/shutterstock_1807547443-300x200.jpg 300w, https:\/\/filplast.pl\/wp-content\/uploads\/2021\/02\/shutterstock_1807547443-768x512.jpg 768w, https:\/\/filplast.pl\/wp-content\/uploads\/2021\/02\/shutterstock_1807547443-2048x1365.jpg 2048w\" sizes=\"auto, (max-width: 1024px) 100vw, 1024px\" \/><\/figure>\n<p class=\"has-normal-font-size\">Pokud chcete okna vym\u011bnit nebo zvolit nov\u00e1 pro nov\u011b postaven\u00fd d\u016fm, nezapome\u0148te, \u017ee okno by m\u011blo m\u00edt p\u0159\u00edslu\u0161n\u00e9 parametry, zejm\u00e9na p\u0159\u00edslu\u0161nou <strong>\u00farove\u0148 sou\u010dinitele prostupu tepla (U<sub>w)<\/sub>. <\/strong>Tento parametr ur\u010duje m\u00edru p\u0159enosu tepla p\u0159es tepeln\u00e9 p\u0159ep\u00e1\u017eky. <strong>\u010c\u00edm ni\u017e\u0161\u00ed je hodnota sou\u010dinitele, t\u00edm lep\u0161\u00ed je tepeln\u00e1 izolace p\u0159ep\u00e1\u017eky.<\/strong> V p\u0159\u00edpad\u011b kvalitn\u00edch oken <strong>by m\u011bla b\u00fdt hodnota U<sub>w<\/sub> vy\u0161\u0161\u00ed ne\u017e 1,1 W \/ (m\u00b2K).<\/strong> Vy\u0161\u0161\u00ed hodnota ne\u017e tato m\u016f\u017ee znamenat n\u00edzkou tepelnou izolaci p\u0159ep\u00e1\u017eky, co\u017e m\u016f\u017ee v budoucnu v\u00e9st k jejich v\u00fdm\u011bn\u011b nebo k nutnosti dodate\u010dn\u00e9ho vyt\u00e1p\u011bn\u00ed m\u00edstnosti kv\u016fli pronik\u00e1n\u00ed chladu z venku.<\/p>\n<\/div>","protected":false},"excerpt":{"rendered":"<p>V zim\u011b velmi \u010dasto doch\u00e1z\u00ed k ml\u017een\u00ed oken a nen\u00ed to jen estetick\u00fd probl\u00e9m. Mezi hlavn\u00ed d\u016fvody tohoto jevu pat\u0159\u00ed mimo jin\u00e9 p\u0159\u00edli\u0161 t\u011bsn\u00e9 zpracov\u00e1n\u00ed oken a nedostate\u010dn\u00e9 v\u011btr\u00e1n\u00ed. Co tedy tento jev ukazuje a [&hellip;]<\/p>\n","protected":false},"author":1,"featured_media":10286,"comment_status":"closed","ping_status":"open","sticky":false,"template":"","format":"standard","meta":{"inline_featured_image":false,"_uag_custom_page_level_css":"","footnotes":""},"categories":[449],"tags":[],"class_list":["post-10281","post","type-post","status-publish","format-standard","has-post-thumbnail","hentry","category-novinky"],"yoast_head":"<!-- This site is optimized with the Yoast SEO plugin v24.7 - https:\/\/yoast.com\/wordpress\/plugins\/seo\/ -->\n<title>Pro\u010d se okna ml\u017e\u00ed? Zp\u016fsoby, jak si poradit se zaml\u017een\u00fdmi okny! - Filplast po generace<\/title>\n<meta name=\"robots\" content=\"index, follow, max-snippet:-1, max-image-preview:large, max-video-preview:-1\" \/>\n<link rel=\"canonical\" href=\"https:\/\/filplast.pl\/cz\/proc-se-okna-mlzi-zpusoby-jak-si-poradit-se-zamlzenymi-okny\/\" \/>\n<meta property=\"og:locale\" content=\"cs_CZ\" \/>\n<meta property=\"og:type\" content=\"article\" \/>\n<meta property=\"og:title\" content=\"Pro\u010d se okna ml\u017e\u00ed? Zp\u016fsoby, jak si poradit se zaml\u017een\u00fdmi okny! - Filplast po generace\" \/>\n<meta property=\"og:description\" content=\"V zim\u011b velmi \u010dasto doch\u00e1z\u00ed k ml\u017een\u00ed oken a nen\u00ed to jen estetick\u00fd probl\u00e9m. Mezi hlavn\u00ed d\u016fvody tohoto jevu pat\u0159\u00ed mimo jin\u00e9 p\u0159\u00edli\u0161 t\u011bsn\u00e9 zpracov\u00e1n\u00ed oken a nedostate\u010dn\u00e9 v\u011btr\u00e1n\u00ed. Co tedy tento jev ukazuje a [&hellip;]\" \/>\n<meta property=\"og:url\" content=\"https:\/\/filplast.pl\/cz\/proc-se-okna-mlzi-zpusoby-jak-si-poradit-se-zamlzenymi-okny\/\" \/>\n<meta property=\"og:site_name\" content=\"Filplast po generace\" \/>\n<meta property=\"article:publisher\" content=\"https:\/\/www.facebook.com\/filplast.firma\" \/>\n<meta property=\"article:published_time\" content=\"2021-06-02T17:57:22+00:00\" \/>\n<meta property=\"article:modified_time\" content=\"2021-06-02T17:57:23+00:00\" \/>\n<meta property=\"og:image\" content=\"https:\/\/filplast.pl\/wp-content\/uploads\/2021\/02\/parowanie-szyby.jpg\" \/>\n\t<meta property=\"og:image:width\" content=\"1024\" \/>\n\t<meta property=\"og:image:height\" content=\"480\" \/>\n\t<meta property=\"og:image:type\" content=\"image\/jpeg\" \/>\n<meta name=\"author\" content=\"admin\" \/>\n<meta name=\"twitter:card\" content=\"summary_large_image\" \/>\n<meta name=\"twitter:label1\" content=\"Napsal(a)\" \/>\n\t<meta name=\"twitter:data1\" content=\"admin\" \/>\n\t<meta name=\"twitter:label2\" content=\"Odhadovan\u00e1 doba \u010dten\u00ed\" \/>\n\t<meta name=\"twitter:data2\" content=\"6 minut\" \/>\n<script type=\"application\/ld+json\" class=\"yoast-schema-graph\">{\"@context\":\"https:\/\/schema.org\",\"@graph\":[{\"@type\":\"Article\",\"@id\":\"https:\/\/filplast.pl\/cz\/proc-se-okna-mlzi-zpusoby-jak-si-poradit-se-zamlzenymi-okny\/#article\",\"isPartOf\":{\"@id\":\"https:\/\/filplast.pl\/cz\/proc-se-okna-mlzi-zpusoby-jak-si-poradit-se-zamlzenymi-okny\/\"},\"author\":{\"name\":\"admin\",\"@id\":\"https:\/\/filplast.pl\/cz\/#\/schema\/person\/95cce97e342b097d5604af931700bc24\"},\"headline\":\"Pro\u010d se okna ml\u017e\u00ed? Zp\u016fsoby, jak si poradit se zaml\u017een\u00fdmi okny!\",\"datePublished\":\"2021-06-02T17:57:22+00:00\",\"dateModified\":\"2021-06-02T17:57:23+00:00\",\"mainEntityOfPage\":{\"@id\":\"https:\/\/filplast.pl\/cz\/proc-se-okna-mlzi-zpusoby-jak-si-poradit-se-zamlzenymi-okny\/\"},\"wordCount\":1256,\"publisher\":{\"@id\":\"https:\/\/filplast.pl\/cz\/#organization\"},\"image\":{\"@id\":\"https:\/\/filplast.pl\/cz\/proc-se-okna-mlzi-zpusoby-jak-si-poradit-se-zamlzenymi-okny\/#primaryimage\"},\"thumbnailUrl\":\"https:\/\/filplast.pl\/wp-content\/uploads\/2021\/02\/parowanie-szyby.jpg\",\"articleSection\":[\"Novinky\"],\"inLanguage\":\"cs\"},{\"@type\":\"WebPage\",\"@id\":\"https:\/\/filplast.pl\/cz\/proc-se-okna-mlzi-zpusoby-jak-si-poradit-se-zamlzenymi-okny\/\",\"url\":\"https:\/\/filplast.pl\/cz\/proc-se-okna-mlzi-zpusoby-jak-si-poradit-se-zamlzenymi-okny\/\",\"name\":\"Pro\u010d se okna ml\u017e\u00ed? Zp\u016fsoby, jak si poradit se zaml\u017een\u00fdmi okny! - Filplast po generace\",\"isPartOf\":{\"@id\":\"https:\/\/filplast.pl\/cz\/#website\"},\"primaryImageOfPage\":{\"@id\":\"https:\/\/filplast.pl\/cz\/proc-se-okna-mlzi-zpusoby-jak-si-poradit-se-zamlzenymi-okny\/#primaryimage\"},\"image\":{\"@id\":\"https:\/\/filplast.pl\/cz\/proc-se-okna-mlzi-zpusoby-jak-si-poradit-se-zamlzenymi-okny\/#primaryimage\"},\"thumbnailUrl\":\"https:\/\/filplast.pl\/wp-content\/uploads\/2021\/02\/parowanie-szyby.jpg\",\"datePublished\":\"2021-06-02T17:57:22+00:00\",\"dateModified\":\"2021-06-02T17:57:23+00:00\",\"breadcrumb\":{\"@id\":\"https:\/\/filplast.pl\/cz\/proc-se-okna-mlzi-zpusoby-jak-si-poradit-se-zamlzenymi-okny\/#breadcrumb\"},\"inLanguage\":\"cs\",\"potentialAction\":[{\"@type\":\"ReadAction\",\"target\":[\"https:\/\/filplast.pl\/cz\/proc-se-okna-mlzi-zpusoby-jak-si-poradit-se-zamlzenymi-okny\/\"]}]},{\"@type\":\"ImageObject\",\"inLanguage\":\"cs\",\"@id\":\"https:\/\/filplast.pl\/cz\/proc-se-okna-mlzi-zpusoby-jak-si-poradit-se-zamlzenymi-okny\/#primaryimage\",\"url\":\"https:\/\/filplast.pl\/wp-content\/uploads\/2021\/02\/parowanie-szyby.jpg\",\"contentUrl\":\"https:\/\/filplast.pl\/wp-content\/uploads\/2021\/02\/parowanie-szyby.jpg\",\"width\":1024,\"height\":480},{\"@type\":\"BreadcrumbList\",\"@id\":\"https:\/\/filplast.pl\/cz\/proc-se-okna-mlzi-zpusoby-jak-si-poradit-se-zamlzenymi-okny\/#breadcrumb\",\"itemListElement\":[{\"@type\":\"ListItem\",\"position\":1,\"name\":\"Hlavn\u00ed strana\",\"item\":\"https:\/\/filplast.pl\/cz\/\"},{\"@type\":\"ListItem\",\"position\":2,\"name\":\"Pro\u010d se okna ml\u017e\u00ed? Zp\u016fsoby, jak si poradit se zaml\u017een\u00fdmi okny!\"}]},{\"@type\":\"WebSite\",\"@id\":\"https:\/\/filplast.pl\/cz\/#website\",\"url\":\"https:\/\/filplast.pl\/cz\/\",\"name\":\"Filplast po generace\",\"description\":\"Producent okien, drzwi i rolet\",\"publisher\":{\"@id\":\"https:\/\/filplast.pl\/cz\/#organization\"},\"potentialAction\":[{\"@type\":\"SearchAction\",\"target\":{\"@type\":\"EntryPoint\",\"urlTemplate\":\"https:\/\/filplast.pl\/cz\/?s={search_term_string}\"},\"query-input\":{\"@type\":\"PropertyValueSpecification\",\"valueRequired\":true,\"valueName\":\"search_term_string\"}}],\"inLanguage\":\"cs\"},{\"@type\":\"Organization\",\"@id\":\"https:\/\/filplast.pl\/cz\/#organization\",\"name\":\"Filplast po generace\",\"url\":\"https:\/\/filplast.pl\/cz\/\",\"logo\":{\"@type\":\"ImageObject\",\"inLanguage\":\"cs\",\"@id\":\"https:\/\/filplast.pl\/cz\/#\/schema\/logo\/image\/\",\"url\":\"https:\/\/filplast.pl\/wp-content\/uploads\/2023\/10\/favicon-filplast.png\",\"contentUrl\":\"https:\/\/filplast.pl\/wp-content\/uploads\/2023\/10\/favicon-filplast.png\",\"width\":2134,\"height\":2134,\"caption\":\"Filplast po generace\"},\"image\":{\"@id\":\"https:\/\/filplast.pl\/cz\/#\/schema\/logo\/image\/\"},\"sameAs\":[\"https:\/\/www.facebook.com\/filplast.firma\",\"https:\/\/pl.pinterest.com\/filplast\/\",\"https:\/\/www.youtube.com\/FILPLASTchannel\",\"https:\/\/pl.linkedin.com\/company\/filplast-sp.-z-o.o.\",\"https:\/\/www.instagram.com\/filplast\/\"]},{\"@type\":\"Person\",\"@id\":\"https:\/\/filplast.pl\/cz\/#\/schema\/person\/95cce97e342b097d5604af931700bc24\",\"name\":\"admin\",\"image\":{\"@type\":\"ImageObject\",\"inLanguage\":\"cs\",\"@id\":\"https:\/\/filplast.pl\/cz\/#\/schema\/person\/image\/\",\"url\":\"https:\/\/secure.gravatar.com\/avatar\/d4ef02cdb8559ea7d7e1b9ffb19a8002?s=96&d=mm&r=g\",\"contentUrl\":\"https:\/\/secure.gravatar.com\/avatar\/d4ef02cdb8559ea7d7e1b9ffb19a8002?s=96&d=mm&r=g\",\"caption\":\"admin\"},\"sameAs\":[\"https:\/\/www.depcore.pl\"],\"url\":\"https:\/\/filplast.pl\/cz\/author\/admin\/\"}]}<\/script>\n<!-- \/ Yoast SEO plugin. -->","yoast_head_json":{"title":"Pro\u010d se okna ml\u017e\u00ed? Zp\u016fsoby, jak si poradit se zaml\u017een\u00fdmi okny! - Filplast po generace","robots":{"index":"index","follow":"follow","max-snippet":"max-snippet:-1","max-image-preview":"max-image-preview:large","max-video-preview":"max-video-preview:-1"},"canonical":"https:\/\/filplast.pl\/cz\/proc-se-okna-mlzi-zpusoby-jak-si-poradit-se-zamlzenymi-okny\/","og_locale":"cs_CZ","og_type":"article","og_title":"Pro\u010d se okna ml\u017e\u00ed? Zp\u016fsoby, jak si poradit se zaml\u017een\u00fdmi okny! - Filplast po generace","og_description":"V zim\u011b velmi \u010dasto doch\u00e1z\u00ed k ml\u017een\u00ed oken a nen\u00ed to jen estetick\u00fd probl\u00e9m. Mezi hlavn\u00ed d\u016fvody tohoto jevu pat\u0159\u00ed mimo jin\u00e9 p\u0159\u00edli\u0161 t\u011bsn\u00e9 zpracov\u00e1n\u00ed oken a nedostate\u010dn\u00e9 v\u011btr\u00e1n\u00ed. Co tedy tento jev ukazuje a [&hellip;]","og_url":"https:\/\/filplast.pl\/cz\/proc-se-okna-mlzi-zpusoby-jak-si-poradit-se-zamlzenymi-okny\/","og_site_name":"Filplast po generace","article_publisher":"https:\/\/www.facebook.com\/filplast.firma","article_published_time":"2021-06-02T17:57:22+00:00","article_modified_time":"2021-06-02T17:57:23+00:00","og_image":[{"width":1024,"height":480,"url":"https:\/\/filplast.pl\/wp-content\/uploads\/2021\/02\/parowanie-szyby.jpg","type":"image\/jpeg"}],"author":"admin","twitter_card":"summary_large_image","twitter_misc":{"Napsal(a)":"admin","Odhadovan\u00e1 doba \u010dten\u00ed":"6 minut"},"schema":{"@context":"https:\/\/schema.org","@graph":[{"@type":"Article","@id":"https:\/\/filplast.pl\/cz\/proc-se-okna-mlzi-zpusoby-jak-si-poradit-se-zamlzenymi-okny\/#article","isPartOf":{"@id":"https:\/\/filplast.pl\/cz\/proc-se-okna-mlzi-zpusoby-jak-si-poradit-se-zamlzenymi-okny\/"},"author":{"name":"admin","@id":"https:\/\/filplast.pl\/cz\/#\/schema\/person\/95cce97e342b097d5604af931700bc24"},"headline":"Pro\u010d se okna ml\u017e\u00ed? Zp\u016fsoby, jak si poradit se zaml\u017een\u00fdmi okny!","datePublished":"2021-06-02T17:57:22+00:00","dateModified":"2021-06-02T17:57:23+00:00","mainEntityOfPage":{"@id":"https:\/\/filplast.pl\/cz\/proc-se-okna-mlzi-zpusoby-jak-si-poradit-se-zamlzenymi-okny\/"},"wordCount":1256,"publisher":{"@id":"https:\/\/filplast.pl\/cz\/#organization"},"image":{"@id":"https:\/\/filplast.pl\/cz\/proc-se-okna-mlzi-zpusoby-jak-si-poradit-se-zamlzenymi-okny\/#primaryimage"},"thumbnailUrl":"https:\/\/filplast.pl\/wp-content\/uploads\/2021\/02\/parowanie-szyby.jpg","articleSection":["Novinky"],"inLanguage":"cs"},{"@type":"WebPage","@id":"https:\/\/filplast.pl\/cz\/proc-se-okna-mlzi-zpusoby-jak-si-poradit-se-zamlzenymi-okny\/","url":"https:\/\/filplast.pl\/cz\/proc-se-okna-mlzi-zpusoby-jak-si-poradit-se-zamlzenymi-okny\/","name":"Pro\u010d se okna ml\u017e\u00ed? Zp\u016fsoby, jak si poradit se zaml\u017een\u00fdmi okny! - Filplast po generace","isPartOf":{"@id":"https:\/\/filplast.pl\/cz\/#website"},"primaryImageOfPage":{"@id":"https:\/\/filplast.pl\/cz\/proc-se-okna-mlzi-zpusoby-jak-si-poradit-se-zamlzenymi-okny\/#primaryimage"},"image":{"@id":"https:\/\/filplast.pl\/cz\/proc-se-okna-mlzi-zpusoby-jak-si-poradit-se-zamlzenymi-okny\/#primaryimage"},"thumbnailUrl":"https:\/\/filplast.pl\/wp-content\/uploads\/2021\/02\/parowanie-szyby.jpg","datePublished":"2021-06-02T17:57:22+00:00","dateModified":"2021-06-02T17:57:23+00:00","breadcrumb":{"@id":"https:\/\/filplast.pl\/cz\/proc-se-okna-mlzi-zpusoby-jak-si-poradit-se-zamlzenymi-okny\/#breadcrumb"},"inLanguage":"cs","potentialAction":[{"@type":"ReadAction","target":["https:\/\/filplast.pl\/cz\/proc-se-okna-mlzi-zpusoby-jak-si-poradit-se-zamlzenymi-okny\/"]}]},{"@type":"ImageObject","inLanguage":"cs","@id":"https:\/\/filplast.pl\/cz\/proc-se-okna-mlzi-zpusoby-jak-si-poradit-se-zamlzenymi-okny\/#primaryimage","url":"https:\/\/filplast.pl\/wp-content\/uploads\/2021\/02\/parowanie-szyby.jpg","contentUrl":"https:\/\/filplast.pl\/wp-content\/uploads\/2021\/02\/parowanie-szyby.jpg","width":1024,"height":480},{"@type":"BreadcrumbList","@id":"https:\/\/filplast.pl\/cz\/proc-se-okna-mlzi-zpusoby-jak-si-poradit-se-zamlzenymi-okny\/#breadcrumb","itemListElement":[{"@type":"ListItem","position":1,"name":"Hlavn\u00ed strana","item":"https:\/\/filplast.pl\/cz\/"},{"@type":"ListItem","position":2,"name":"Pro\u010d se okna ml\u017e\u00ed? Zp\u016fsoby, jak si poradit se zaml\u017een\u00fdmi okny!"}]},{"@type":"WebSite","@id":"https:\/\/filplast.pl\/cz\/#website","url":"https:\/\/filplast.pl\/cz\/","name":"Filplast po generace","description":"Producent okien, drzwi i rolet","publisher":{"@id":"https:\/\/filplast.pl\/cz\/#organization"},"potentialAction":[{"@type":"SearchAction","target":{"@type":"EntryPoint","urlTemplate":"https:\/\/filplast.pl\/cz\/?s={search_term_string}"},"query-input":{"@type":"PropertyValueSpecification","valueRequired":true,"valueName":"search_term_string"}}],"inLanguage":"cs"},{"@type":"Organization","@id":"https:\/\/filplast.pl\/cz\/#organization","name":"Filplast po generace","url":"https:\/\/filplast.pl\/cz\/","logo":{"@type":"ImageObject","inLanguage":"cs","@id":"https:\/\/filplast.pl\/cz\/#\/schema\/logo\/image\/","url":"https:\/\/filplast.pl\/wp-content\/uploads\/2023\/10\/favicon-filplast.png","contentUrl":"https:\/\/filplast.pl\/wp-content\/uploads\/2023\/10\/favicon-filplast.png","width":2134,"height":2134,"caption":"Filplast po generace"},"image":{"@id":"https:\/\/filplast.pl\/cz\/#\/schema\/logo\/image\/"},"sameAs":["https:\/\/www.facebook.com\/filplast.firma","https:\/\/pl.pinterest.com\/filplast\/","https:\/\/www.youtube.com\/FILPLASTchannel","https:\/\/pl.linkedin.com\/company\/filplast-sp.-z-o.o.","https:\/\/www.instagram.com\/filplast\/"]},{"@type":"Person","@id":"https:\/\/filplast.pl\/cz\/#\/schema\/person\/95cce97e342b097d5604af931700bc24","name":"admin","image":{"@type":"ImageObject","inLanguage":"cs","@id":"https:\/\/filplast.pl\/cz\/#\/schema\/person\/image\/","url":"https:\/\/secure.gravatar.com\/avatar\/d4ef02cdb8559ea7d7e1b9ffb19a8002?s=96&d=mm&r=g","contentUrl":"https:\/\/secure.gravatar.com\/avatar\/d4ef02cdb8559ea7d7e1b9ffb19a8002?s=96&d=mm&r=g","caption":"admin"},"sameAs":["https:\/\/www.depcore.pl"],"url":"https:\/\/filplast.pl\/cz\/author\/admin\/"}]}},"uagb_featured_image_src":{"full":["https:\/\/filplast.pl\/wp-content\/uploads\/2021\/02\/parowanie-szyby.jpg",1024,480,false],"thumbnail":["https:\/\/filplast.pl\/wp-content\/uploads\/2021\/02\/parowanie-szyby-150x150.jpg",150,150,true],"medium":["https:\/\/filplast.pl\/wp-content\/uploads\/2021\/02\/parowanie-szyby-300x141.jpg",300,141,true],"medium_large":["https:\/\/filplast.pl\/wp-content\/uploads\/2021\/02\/parowanie-szyby-768x360.jpg",768,360,true],"large":["https:\/\/filplast.pl\/wp-content\/uploads\/2021\/02\/parowanie-szyby.jpg",1024,480,false],"1536x1536":["https:\/\/filplast.pl\/wp-content\/uploads\/2021\/02\/parowanie-szyby.jpg",1024,480,false],"2048x2048":["https:\/\/filplast.pl\/wp-content\/uploads\/2021\/02\/parowanie-szyby.jpg",1024,480,false],"depcore-widget-post-thumb":["https:\/\/filplast.pl\/wp-content\/uploads\/2021\/02\/parowanie-szyby-65x65.jpg",65,65,true],"depcore-widget-post-medium":["https:\/\/filplast.pl\/wp-content\/uploads\/2021\/02\/parowanie-szyby-280x150.jpg",280,150,true],"square":["https:\/\/filplast.pl\/wp-content\/uploads\/2021\/02\/parowanie-szyby-500x480.jpg",500,480,true],"small-square":["https:\/\/filplast.pl\/wp-content\/uploads\/2021\/02\/parowanie-szyby-250x250.jpg",250,250,true],"slider-image":["https:\/\/filplast.pl\/wp-content\/uploads\/2021\/02\/parowanie-szyby.jpg",1024,480,false],"":["https:\/\/filplast.pl\/wp-content\/uploads\/2021\/02\/parowanie-szyby.jpg",380,178,false]},"uagb_author_info":{"display_name":"admin","author_link":"https:\/\/filplast.pl\/cz\/author\/admin\/"},"uagb_comment_info":0,"uagb_excerpt":"V zim\u011b velmi \u010dasto doch\u00e1z\u00ed k ml\u017een\u00ed oken a nen\u00ed to jen estetick\u00fd probl\u00e9m. Mezi hlavn\u00ed d\u016fvody tohoto jevu pat\u0159\u00ed mimo jin\u00e9 p\u0159\u00edli\u0161 t\u011bsn\u00e9 zpracov\u00e1n\u00ed oken a nedostate\u010dn\u00e9 v\u011btr\u00e1n\u00ed. Co tedy tento jev ukazuje a [&hellip;]","_links":{"self":[{"href":"https:\/\/filplast.pl\/cz\/wp-json\/wp\/v2\/posts\/10281","targetHints":{"allow":["GET"]}}],"collection":[{"href":"https:\/\/filplast.pl\/cz\/wp-json\/wp\/v2\/posts"}],"about":[{"href":"https:\/\/filplast.pl\/cz\/wp-json\/wp\/v2\/types\/post"}],"author":[{"embeddable":true,"href":"https:\/\/filplast.pl\/cz\/wp-json\/wp\/v2\/users\/1"}],"replies":[{"embeddable":true,"href":"https:\/\/filplast.pl\/cz\/wp-json\/wp\/v2\/comments?post=10281"}],"version-history":[{"count":1,"href":"https:\/\/filplast.pl\/cz\/wp-json\/wp\/v2\/posts\/10281\/revisions"}],"predecessor-version":[{"id":10287,"href":"https:\/\/filplast.pl\/cz\/wp-json\/wp\/v2\/posts\/10281\/revisions\/10287"}],"wp:featuredmedia":[{"embeddable":true,"href":"https:\/\/filplast.pl\/cz\/wp-json\/wp\/v2\/media\/10286"}],"wp:attachment":[{"href":"https:\/\/filplast.pl\/cz\/wp-json\/wp\/v2\/media?parent=10281"}],"wp:term":[{"taxonomy":"category","embeddable":true,"href":"https:\/\/filplast.pl\/cz\/wp-json\/wp\/v2\/categories?post=10281"},{"taxonomy":"post_tag","embeddable":true,"href":"https:\/\/filplast.pl\/cz\/wp-json\/wp\/v2\/tags?post=10281"}],"curies":[{"name":"wp","href":"https:\/\/api.w.org\/{rel}","templated":true}]}}